{"id":9,"date":"2016-01-20T08:08:34","date_gmt":"2016-01-20T07:08:34","guid":{"rendered":"http:\/\/taxworld.hu\/blog\/?p=9"},"modified":"2024-06-13T10:51:13","modified_gmt":"2024-06-13T08:51:13","slug":"a-2016-evi-adocsomagot-mar-elfogadtak","status":"publish","type":"post","link":"https:\/\/www.taxworld.hu\/blog\/a-2016-evi-adocsomagot-mar-elfogadtak\/","title":{"rendered":"A 2016. \u00e9vi ad\u00f3csomagot m\u00e1r elfogadt\u00e1k"},"content":{"rendered":"<p>A 2016. \u00e9vi ad\u00f3csomagot m\u00e1r elfogadt\u00e1k, a 2016. \u00e9vi ad\u00f3z\u00e1si k\u00f6rnyezetet meghat\u00e1roz\u00f3 k\u00f6r\u00fclm\u00e9nyek \u00e9s v\u00e1ltoz\u00e1sok m\u00e1r ismertek.<\/p>\n<p>Ugyanakkor a Magyar K\u00f6zl\u00f6ny 192. sz\u00e1m\u00e1ban megjelent meg a Korm\u00e1ny 1902\/2015. (XII. 8.) Korm. hat\u00e1rozata a Nemzeti Ad\u00f3- \u00e9s V\u00e1mhivatal szervezeti \u00e1talak\u00edt\u00e1s\u00e1hoz \u00e9s az ad\u00f3igazgat\u00e1si rendszer meg\u00faj\u00edt\u00e1s\u00e1hoz kapcsol\u00f3d\u00f3 egyes int\u00e9zked\u00e9sekr\u0151l, amely betekint\u00e9st enged a Korm\u00e1ny 2016-2017. \u00e9vi ad\u00f3politik\u00e1j\u00e1t \u00e9rint\u0151 t\u00e1vlati tervekbe, \u00e9s el\u0151re vet\u00edti a k\u00fcsz\u00f6b\u00f6n \u00e1ll\u00f3 esem\u00e9nyeket.<\/p>\n<p>A hat\u00e1rozat 7 alapvet\u0151 feladatot hat\u00e1roz meg konkr\u00e9t id\u0151pontokkal \u00e9s felel\u0151s\u00f6kkel az al\u00e1bbiak szerint.<\/p>\n<p>A Korm\u00e1ny felh\u00edvja a nemzetgazdas\u00e1gi minisztert, hogy<br \/>\n1. 2016. m\u00e1rcius 31-ig tegyen javaslatot a NAV \u00faj szervezeti strukt\u00far\u00e1j\u00e1ra vonatkoz\u00f3an a 2016. janu\u00e1r 1-j\u00e9n megval\u00f3sul\u00f3 szervezeti v\u00e1ltoz\u00e1sok figyelembev\u00e9tel\u00e9vel,<br \/>\n2. 2016. m\u00e1rcius 31-ig vizsg\u00e1lja meg a NAV foglalkoztatottjai sz\u00e1m\u00e1ra az \u00e9letp\u00e1lya modell bevezet\u00e9s\u00e9nek lehet\u0151s\u00e9g\u00e9t,<br \/>\n3. 2016. \u00e1prilis 30-ig k\u00e9sz\u00edtse el \u00e9s ny\u00fajtsa be a Korm\u00e1ny r\u00e9sz\u00e9re az ad\u00f3z\u00e1s rendj\u00e9r\u0151l sz\u00f3l\u00f3 \u00faj t\u00f6rv\u00e9nytervezetet,<br \/>\n4. 2016. j\u00fanius 30-ig hat\u00e1rozza meg a K\u00f6zigazgat\u00e1s- \u00e9s K\u00f6zszolg\u00e1ltat\u00e1s-fejleszt\u00e9s Operat\u00edv Programban neves\u00edtett, az \u201eAd\u00f3\u00fcgyi igazgat\u00e1si elj\u00e1r\u00e1sok egyszer\u0171s\u00edt\u00e9se, adminisztrat\u00edv terhek cs\u00f6kkent\u00e9se\u201d c\u00edm\u0171 kiemelt projekt megval\u00f3s\u00edt\u00e1s\u00e1hoz sz\u00fcks\u00e9ges int\u00e9zked\u00e9seket.<\/p>\n<p>A Korm\u00e1ny felh\u00edvja a Minisztereln\u00f6ks\u00e9get vezet\u0151 minisztert, a nemzetgazdas\u00e1gi minisztert \u00e9s a bel\u00fcgyminisztert, hogy<br \/>\n5. 2016. m\u00e1rcius 31-ig hat\u00e1rozz\u00e1k meg a sz\u00fcks\u00e9ges int\u00e9zked\u00e9seket egyes ad\u00f3\u00fcgyi \u00fcgyf\u00e9lszolg\u00e1lati tev\u00e9kenys\u00e9geknek a korm\u00e1nyablakokn\u00e1l t\u00f6rt\u00e9n\u0151 el\u00e9rhet\u0151v\u00e9 t\u00e9tel\u00e9hez.<\/p>\n<p>A Korm\u00e1ny felh\u00edvja a nemzetgazdas\u00e1gi minisztert \u00e9s a bel\u00fcgyminisztert, hogy<br \/>\n6. 2016. m\u00e1rcius 31-ig vizsg\u00e1lj\u00e1k meg a rendv\u00e9delmi feladatokat ell\u00e1t\u00f3 szervek hivat\u00e1sos \u00e1llom\u00e1ny\u00e1nak szolg\u00e1lati jogviszony\u00e1val, valamint a Nemzeti Ad\u00f3- \u00e9s V\u00e1mhivatal hivat\u00e1sos \u00e1llom\u00e1ny\u00e1nak szolg\u00e1lati jogviszony\u00e1val kapcsolatos \u00e1tj\u00e1rhat\u00f3s\u00e1g megteremt\u00e9s\u00e9nek lehet\u0151s\u00e9geit,<br \/>\n7. 2016. j\u00fanius 30-igvizsg\u00e1lj\u00e1k meg a sz\u00e1ml\u00e1z\u00f3 programok on-line adatszolg\u00e1ltat\u00e1s\u00e1ra vonatkoz\u00f3 rendszer bevezet\u00e9s\u00e9hez sz\u00fcks\u00e9ges felt\u00e9teleket.<\/p>\n<p>A fentiek alapj\u00e1n m\u00e1r a j\u00f6v\u0151 els\u0151 fel\u00e9ben v\u00e1rhat\u00f3 az online sz\u00e1ml\u00e1z\u00f3 programok bevezet\u00e9s\u00e9r\u0151l, a NAV szervezeti \u00e1talak\u00edt\u00e1s\u00e1r\u00f3l (ak\u00e1r a kor\u00e1bban hangoztatott NGM-be val\u00f3 beolvaszt\u00e1s \u00fatj\u00e1n) sz\u00f3l\u00f3 d\u00f6nt\u00e9s meghozatala, \u00e9s egy \u00faj ad\u00f3elj\u00e1r\u00e1si t\u00f6rv\u00e9ny elfogad\u00e1sa is.<\/p>\n<p>A koncepci\u00f3 pontos r\u00e9szleteir\u0151l, a megval\u00f3s\u00edt\u00e1s szakaszair\u00f3l jelenleg egyik ter\u00fcletet \u00e9rint\u0151en sem \u00e1ll rendelkez\u00e9sre inform\u00e1ci\u00f3. Amint megjelenik a v\u00e9lem\u00e9nyezhet\u0151 munkaanyag, term\u00e9szetesen azt is ismertetni fogjuk.<\/p>\n","protected":false},"excerpt":{"rendered":"<p>A 2016. \u00e9vi ad\u00f3csomagot m\u00e1r elfogadt\u00e1k, a 2016. \u00e9vi ad\u00f3z\u00e1si k\u00f6rnyezetet meghat\u00e1roz\u00f3 k\u00f6r\u00fclm\u00e9nyek \u00e9s v\u00e1ltoz\u00e1sok m\u00e1r ismertek. Ugyanakkor a Magyar K\u00f6zl\u00f6ny 192. sz\u00e1m\u00e1ban megjelent meg a Korm\u00e1ny 1902\/2015. (XII. 8.) Korm. hat\u00e1rozata a Nemzeti Ad\u00f3- \u00e9s V\u00e1mhivatal szervezeti \u00e1talak\u00edt\u00e1s\u00e1hoz \u00e9s &hellip; <a href=\"https:\/\/www.taxworld.hu\/blog\/a-2016-evi-adocsomagot-mar-elfogadtak\/\">Read More<\/a><\/p>\n","protected":false},"author":2,"featured_media":25,"comment_status":"closed","ping_status":"closed","sticky":false,"template":"","format":"standard","meta":{"footnotes":""},"categories":[1],"tags":[],"_links":{"self":[{"href":"https:\/\/www.taxworld.hu\/blog\/wp-json\/wp\/v2\/posts\/9"}],"collection":[{"href":"https:\/\/www.taxworld.hu\/blog\/wp-json\/wp\/v2\/posts"}],"about":[{"href":"https:\/\/www.taxworld.hu\/blog\/wp-json\/wp\/v2\/types\/post"}],"author":[{"embeddable":true,"href":"https:\/\/www.taxworld.hu\/blog\/wp-json\/wp\/v2\/users\/2"}],"replies":[{"embeddable":true,"href":"https:\/\/www.taxworld.hu\/blog\/wp-json\/wp\/v2\/comments?post=9"}],"version-history":[{"count":1,"href":"https:\/\/www.taxworld.hu\/blog\/wp-json\/wp\/v2\/posts\/9\/revisions"}],"predecessor-version":[{"id":11,"href":"https:\/\/www.taxworld.hu\/blog\/wp-json\/wp\/v2\/posts\/9\/revisions\/11"}],"wp:featuredmedia":[{"embeddable":true,"href":"https:\/\/www.taxworld.hu\/blog\/wp-json\/wp\/v2\/media\/25"}],"wp:attachment":[{"href":"https:\/\/www.taxworld.hu\/blog\/wp-json\/wp\/v2\/media?parent=9"}],"wp:term":[{"taxonomy":"category","embeddable":true,"href":"https:\/\/www.taxworld.hu\/blog\/wp-json\/wp\/v2\/categories?post=9"},{"taxonomy":"post_tag","embeddable":true,"href":"https:\/\/www.taxworld.hu\/blog\/wp-json\/wp\/v2\/tags?post=9"}],"curies":[{"name":"wp","href":"https:\/\/api.w.org\/{rel}","templated":true}]}}