{"id":18,"date":"2016-01-20T08:12:23","date_gmt":"2016-01-20T08:12:23","guid":{"rendered":"http:\/\/taxworld.hu\/blog\/?p=18"},"modified":"2016-01-25T13:46:51","modified_gmt":"2016-01-25T13:46:51","slug":"a-2016-ev-es-a-nemzetkozi-adoegyezmenyek-valtozasa","status":"publish","type":"post","link":"https:\/\/www.taxworld.hu\/blog\/a-2016-ev-es-a-nemzetkozi-adoegyezmenyek-valtozasa\/","title":{"rendered":"A 2016. \u00e9v \u00e9s a nemzetk\u00f6zi ad\u00f3egyezm\u00e9nyek v\u00e1ltoz\u00e1sa"},"content":{"rendered":"<h2>A 2016. \u00e9v a nemzetk\u00f6zi ad\u00f3egyezm\u00e9nyekkel kapcsolatban is hozott v\u00e1ltoz\u00e1st<\/h2>\n<p>&#8211; diplom\u00e1ciai j\u00f3v\u00e1hagy\u00e1st k\u00f6vet\u0151en hat\u00e1lyba l\u00e9pett a Lichtensteinnel, Bahreinnal \u00e9s Sza\u00fad-Ar\u00e1bi\u00e1val kor\u00e1bban k\u00f6t\u00f6tt egyezm\u00e9ny,<br \/>\n&#8211; a Luxemburggal meg\u00e1llapod\u00e1st k\u00f6t\u00f6tt\u00fcnk, de az a sz\u00fcks\u00e9ges j\u00f3v\u00e1hagy\u00e1sok hi\u00e1ny\u00e1ban m\u00e9g nem hat\u00e1lyosult. Az \u00faj egyezm\u00e9ny az 1990-es meg\u00e1llapod\u00e1st v\u00e1ltja majd,<br \/>\n&#8211; tov\u00e1bbra is f\u00fcgg\u0151ben van az Amerikai Egyes\u00fcl \u00c1llamokkal 2010-ben k\u00f6t\u00f6tt egyezm\u00e9ny.<\/p>\n<p>Az Amerikai Egyes\u00fclt \u00c1llamokkal k\u00f6t\u00f6tt \u00e9s 4 \u00e9ve f\u00fcgg\u0151ben l\u00e9v\u0151 egyezm\u00e9ny \u00e9rdekess\u00e9ge az, hogy Kentucky \u00e1llam republik\u00e1nus szen\u00e1tora, az eredetileg szemorvos Randal Paul egy szem\u00e9lyben g\u00e1tolja t\u00f6bb \u00faj egyezm\u00e9ny (k\u00f6zt\u00fck van a Magyarorsz\u00e1ggal k\u00f6t\u00f6tt is) szen\u00e1tusi elfogad\u00e1s\u00e1t, mert \u00e1ll\u00e1spontja szerint az ad\u00f3egyezm\u00e9nyek inform\u00e1ci\u00f3cser\u00e9re vonatkoz\u00f3 szab\u00e1lyai t\u00fal nagy szabads\u00e1got adn\u00e1nak az amerikai ad\u00f3hivatalnak.<\/p>\n<p>Am\u00edg egyszem\u00e9lyes h\u00e1bor\u00faja le nem z\u00e1rul, addig az \u00faj ad\u00f3egyezm\u00e9ny helyett a kor\u00e1bbi, 1979-es ad\u00f3egyezm\u00e9nyt kell alkalmazni.<\/p>\n<p>Az \u00faj egyezm\u00e9nyekkel, illetve az onnan sz\u00e1rmaz\u00f3 j\u00f6vedelmek ad\u00f3tervez\u00e9s\u00e9vel kapcsolatban keressen minket bizalommal.<\/p>\n","protected":false},"excerpt":{"rendered":"<p>A 2016. \u00e9v a nemzetk\u00f6zi ad\u00f3egyezm\u00e9nyekkel kapcsolatban is hozott v\u00e1ltoz\u00e1st &#8211; diplom\u00e1ciai j\u00f3v\u00e1hagy\u00e1st k\u00f6vet\u0151en hat\u00e1lyba l\u00e9pett a Lichtensteinnel, Bahreinnal \u00e9s Sza\u00fad-Ar\u00e1bi\u00e1val kor\u00e1bban k\u00f6t\u00f6tt egyezm\u00e9ny, &#8211; a Luxemburggal meg\u00e1llapod\u00e1st k\u00f6t\u00f6tt\u00fcnk, de az a sz\u00fcks\u00e9ges j\u00f3v\u00e1hagy\u00e1sok hi\u00e1ny\u00e1ban m\u00e9g nem hat\u00e1lyosult. Az \u00faj &hellip; <a href=\"https:\/\/www.taxworld.hu\/blog\/a-2016-ev-es-a-nemzetkozi-adoegyezmenyek-valtozasa\/\">Read More<\/a><\/p>\n","protected":false},"author":2,"featured_media":30,"comment_status":"closed","ping_status":"closed","sticky":false,"template":"","format":"standard","meta":{"footnotes":""},"categories":[4],"tags":[6,5,7],"_links":{"self":[{"href":"https:\/\/www.taxworld.hu\/blog\/wp-json\/wp\/v2\/posts\/18"}],"collection":[{"href":"https:\/\/www.taxworld.hu\/blog\/wp-json\/wp\/v2\/posts"}],"about":[{"href":"https:\/\/www.taxworld.hu\/blog\/wp-json\/wp\/v2\/types\/post"}],"author":[{"embeddable":true,"href":"https:\/\/www.taxworld.hu\/blog\/wp-json\/wp\/v2\/users\/2"}],"replies":[{"embeddable":true,"href":"https:\/\/www.taxworld.hu\/blog\/wp-json\/wp\/v2\/comments?post=18"}],"version-history":[{"count":6,"href":"https:\/\/www.taxworld.hu\/blog\/wp-json\/wp\/v2\/posts\/18\/revisions"}],"predecessor-version":[{"id":38,"href":"https:\/\/www.taxworld.hu\/blog\/wp-json\/wp\/v2\/posts\/18\/revisions\/38"}],"wp:featuredmedia":[{"embeddable":true,"href":"https:\/\/www.taxworld.hu\/blog\/wp-json\/wp\/v2\/media\/30"}],"wp:attachment":[{"href":"https:\/\/www.taxworld.hu\/blog\/wp-json\/wp\/v2\/media?parent=18"}],"wp:term":[{"taxonomy":"category","embeddable":true,"href":"https:\/\/www.taxworld.hu\/blog\/wp-json\/wp\/v2\/categories?post=18"},{"taxonomy":"post_tag","embeddable":true,"href":"https:\/\/www.taxworld.hu\/blog\/wp-json\/wp\/v2\/tags?post=18"}],"curies":[{"name":"wp","href":"https:\/\/api.w.org\/{rel}","templated":true}]}}