{"id":16,"date":"2016-01-20T08:11:45","date_gmt":"2016-01-20T07:11:45","guid":{"rendered":"http:\/\/taxworld.hu\/blog\/?p=16"},"modified":"2024-06-13T10:51:28","modified_gmt":"2024-06-13T08:51:28","slug":"a-2016-ev-munkavedelmi-es-munkaugyi-ellenorzes-iranyelvei","status":"publish","type":"post","link":"https:\/\/www.taxworld.hu\/blog\/a-2016-ev-munkavedelmi-es-munkaugyi-ellenorzes-iranyelvei\/","title":{"rendered":"A 2016. \u00e9v munkav\u00e9delmi \u00e9s munka\u00fcgyi ellen\u0151rz\u00e9s ir\u00e1nyelvei"},"content":{"rendered":"<p>A Nemzetgazdas\u00e1gi Miniszt\u00e9rium 2016. \u00e9vre is meghat\u00e1rozta a munkav\u00e9delmi \u00e9s munka\u00fcgyi ellen\u0151rz\u00e9sek ir\u00e1nyelveit. Ezek r\u00e9szletesen taglalj\u00e1k, hogy az idei \u00e9vben, mikor, milyen szektorok munk\u00e1ltat\u00f3i sz\u00e1m\u00edthatnak munkav\u00e9delmi \u00e9s munka\u00fcgyi ellen\u0151rz\u00e9sekre \u00e9s arr\u00f3l is t\u00e1j\u00e9koztatnak, hogy ezek az ellen\u0151rz\u00e9sek milyen t\u00edpus\u00faak lehetnek.<\/p>\n<p>1. Munkav\u00e9delmi ellen\u0151rz\u00e9sek:<br \/>\nId\u00e9n a nagy sz\u00e1m\u00fa munkav\u00e1llal\u00f3t foglalkoztat\u00f3 munk\u00e1ltat\u00f3k, a vesz\u00e9lyes munkaeszk\u00f6zt, anyagokat \u00e9s technol\u00f3gi\u00e1t alkalmaz\u00f3k, a zajjal \u00e9s rezg\u00e9ssel j\u00e1r\u00f3 tev\u00e9kenys\u00e9get folytat\u00f3k sz\u00e1m\u00edthatnak gyakoribb, alaposabb ellen\u0151rz\u00e9sre, de a kiemelten v\u00e9dett munkav\u00e1llal\u00f3k (fiatalkor\u00faak, terhesek, megv\u00e1ltozott munkak\u00e9pess\u00e9g\u0171ek) foglalkoztat\u00e1s\u00e1t is ellen\u0151rizni fogj\u00e1k.<\/p>\n<p>Emellett kiemelt ter\u00fclete lesz az idei \u00e9vnek a<br \/>\n&#8211; munkav\u00e9delmi oktat\u00e1sok tartalmi vizsg\u00e1latainak,<br \/>\n&#8211; k\u00fcl\u00f6n\u00f6sen vesz\u00e9lyes foglalkoztat\u00e1si \u00e1gazatok (\u00e9p\u00edt\u0151ipar, mez\u0151gazdas\u00e1g, b\u00e1ny\u00e1szat, feldolgoz\u00f3ipar),<br \/>\n&#8211; a f\u00e9mfeldogoz\u00e1ssal foglalkoz\u00f3k<br \/>\nellen\u0151rz\u00e9se.<\/p>\n<p>2. Munka\u00fcgyi ellen\u0151rz\u00e9sek:<\/p>\n<p>Az ellen\u0151rz\u00e9sek \u00fctemez\u00e9se \u00e9s c\u00e9lja a k\u00f6vetkez\u0151k\u00e9pp alakul:<br \/>\n&#8211; 2016. m\u00e1rcius-\u00e1prilis: munkab\u00e9rrel kapcsolatos szab\u00e1lyok ellen\u0151rz\u00e9se<br \/>\n&#8211; 2016. j\u00fanius-j\u00falius: foglalkoztat\u00e1s alapvet\u0151 szab\u00e1lyainak ellen\u0151rz\u00e9se<br \/>\n&#8211; 2016. okt\u00f3ber-november: munkaid\u0151re, pihen\u0151id\u0151re \u00e9s ezek nyilv\u00e1ntart\u00e1s\u00e1ra vonatkoz\u00f3 szab\u00e1lyok ellen\u0151rz\u00e9se<\/p>\n<p>A munka\u00fcgyi ellen\u0151rz\u00e9sek 10-10%-nak a szem\u00e9ly- \u00e9s vagyonv\u00e9delmi \u00e1gazatot illetve a feldolgoz\u00f3ipari tev\u00e9kenys\u00e9get v\u00e9gz\u0151ket kell \u00e9rintenie.<\/p>\n","protected":false},"excerpt":{"rendered":"<p>A Nemzetgazdas\u00e1gi Miniszt\u00e9rium 2016. \u00e9vre is meghat\u00e1rozta a munkav\u00e9delmi \u00e9s munka\u00fcgyi ellen\u0151rz\u00e9sek ir\u00e1nyelveit. Ezek r\u00e9szletesen taglalj\u00e1k, hogy az idei \u00e9vben, mikor, milyen szektorok munk\u00e1ltat\u00f3i sz\u00e1m\u00edthatnak munkav\u00e9delmi \u00e9s munka\u00fcgyi ellen\u0151rz\u00e9sekre \u00e9s arr\u00f3l is t\u00e1j\u00e9koztatnak, hogy ezek az ellen\u0151rz\u00e9sek milyen t\u00edpus\u00faak lehetnek. &hellip; <a href=\"https:\/\/www.taxworld.hu\/blog\/a-2016-ev-munkavedelmi-es-munkaugyi-ellenorzes-iranyelvei\/\">Read More<\/a><\/p>\n","protected":false},"author":2,"featured_media":28,"comment_status":"closed","ping_status":"closed","sticky":false,"template":"","format":"standard","meta":{"footnotes":""},"categories":[9,8],"tags":[6,11,10],"_links":{"self":[{"href":"https:\/\/www.taxworld.hu\/blog\/wp-json\/wp\/v2\/posts\/16"}],"collection":[{"href":"https:\/\/www.taxworld.hu\/blog\/wp-json\/wp\/v2\/posts"}],"about":[{"href":"https:\/\/www.taxworld.hu\/blog\/wp-json\/wp\/v2\/types\/post"}],"author":[{"embeddable":true,"href":"https:\/\/www.taxworld.hu\/blog\/wp-json\/wp\/v2\/users\/2"}],"replies":[{"embeddable":true,"href":"https:\/\/www.taxworld.hu\/blog\/wp-json\/wp\/v2\/comments?post=16"}],"version-history":[{"count":3,"href":"https:\/\/www.taxworld.hu\/blog\/wp-json\/wp\/v2\/posts\/16\/revisions"}],"predecessor-version":[{"id":45,"href":"https:\/\/www.taxworld.hu\/blog\/wp-json\/wp\/v2\/posts\/16\/revisions\/45"}],"wp:featuredmedia":[{"embeddable":true,"href":"https:\/\/www.taxworld.hu\/blog\/wp-json\/wp\/v2\/media\/28"}],"wp:attachment":[{"href":"https:\/\/www.taxworld.hu\/blog\/wp-json\/wp\/v2\/media?parent=16"}],"wp:term":[{"taxonomy":"category","embeddable":true,"href":"https:\/\/www.taxworld.hu\/blog\/wp-json\/wp\/v2\/categories?post=16"},{"taxonomy":"post_tag","embeddable":true,"href":"https:\/\/www.taxworld.hu\/blog\/wp-json\/wp\/v2\/tags?post=16"}],"curies":[{"name":"wp","href":"https:\/\/api.w.org\/{rel}","templated":true}]}}