{"id":14,"date":"2016-01-20T08:10:59","date_gmt":"2016-01-20T07:10:59","guid":{"rendered":"http:\/\/taxworld.hu\/blog\/?p=14"},"modified":"2024-06-13T10:51:25","modified_gmt":"2024-06-13T08:51:25","slug":"2016-evi-adocsomag-uj-szabalyai","status":"publish","type":"post","link":"https:\/\/www.taxworld.hu\/blog\/2016-evi-adocsomag-uj-szabalyai\/","title":{"rendered":"2016. \u00e9vi ad\u00f3csomag \u00faj szab\u00e1lyai"},"content":{"rendered":"<p>A jogalkot\u00f3 az \u00e9v v\u00e9ge k\u00f6zeledt\u00e9vel sem volt t\u00e9tlen, december 28-\u00e1n m\u00e9g k\u00e9t, 2016. janu\u00e1r 1-j\u00e9n hat\u00e1lyba l\u00e9p\u0151 jogszab\u00e1ly is k\u00f6zz\u00e9t\u00e9telre ker\u00fclt a 2016. \u00e9vi ad\u00f3csomag \u00faj szab\u00e1lyainak v\u00e9grehajt\u00e1sa \u00e9rdek\u00e9ben.<\/p>\n<p>Az els\u0151 a belf\u00f6ldi kik\u00fcldet\u00e9ssel \u00f6sszef\u00fcgg\u00e9sben adott k\u00f6lts\u00e9gt\u00e9r\u00edt\u00e9ssel kapcsolatos, a m\u00e1sik az el\u0151ad\u00f3-m\u0171v\u00e9szeti szervezeteket t\u00e1mogat\u00f3 ad\u00f3z\u00f3k t\u00e1rsas\u00e1gi ad\u00f3kedvezm\u00e9ny\u00e9vel f\u00fcgg \u00f6ssze.<\/p>\n<p>1. A kik\u00fcldet\u00e9s miatt juttatott napid\u00edj m\u00e9rt\u00e9k\u00e9t szab\u00e1lyoz\u00f3 rendelet a hasonl\u00f3 t\u00e9m\u00e1j\u00fa, t\u00edz \u00e9vvel ezel\u0151tt hat\u00e1lyba l\u00e9pett jogszab\u00e1lyt v\u00e1ltja fel. Az Szja tv. \u00fajonnan hat\u00e1lyba l\u00e9pett 3. sz. mell\u00e9klet\u00e9nek II.3. pontj\u00e1hoz kapcsol\u00f3d\u00f3an meghat\u00e1rozza, hogy mely esetekben van helye igazol\u00e1s n\u00e9lk\u00fcli k\u00f6lts\u00e9gelsz\u00e1mol\u00e1snak, sz\u00e9les\u00edti a felhaszn\u00e1l\u00e1s c\u00e9lj\u00e1t, a szem\u00e9lyi k\u00f6rt \u00e9s \u00faj szab\u00e1lyokat vezet be az \u00e1rufuvaroz\u00f3k eset\u00e9ben.<\/p>\n<p>2. A m\u00e1sik jogszab\u00e1ly szint\u00e9n a 2016-os \u00faj (t\u00e1rsas\u00e1gi ad\u00f3kedvezm\u00e9nyt biztos\u00edt\u00f3) szab\u00e1lyokhoz kapcsol\u00f3d\u00f3an meghat\u00e1rozza az el\u0151ad\u00f3-m\u0171v\u00e9szeti szervezetek t\u00e1mogat\u00e1s\u00e1val kapcsolatos ad\u00f3kedvezm\u00e9ny \u00e9s ad\u00f3felaj\u00e1nl\u00e1s ig\u00e9nybe v\u00e9tel\u00e9hez sz\u00fcks\u00e9ges igazol\u00e1sok ki\u00e1ll\u00edt\u00e1s\u00e1nak felt\u00e9teleit, a haszn\u00e1land\u00f3 \u0171rlapokat \u00e9s az igazol\u00e1s ig\u00e9nyl\u00e9s\u00e9nek hat\u00e1ridej\u00e9t, egy\u00fattal fontos szab\u00e1lyokat hat\u00e1roz meg az ad\u00f3kedvezm\u00e9ny ig\u00e9nybe v\u00e9tel\u00e9hez.<\/p>\n","protected":false},"excerpt":{"rendered":"<p>A jogalkot\u00f3 az \u00e9v v\u00e9ge k\u00f6zeledt\u00e9vel sem volt t\u00e9tlen, december 28-\u00e1n m\u00e9g k\u00e9t, 2016. janu\u00e1r 1-j\u00e9n hat\u00e1lyba l\u00e9p\u0151 jogszab\u00e1ly is k\u00f6zz\u00e9t\u00e9telre ker\u00fclt a 2016. \u00e9vi ad\u00f3csomag \u00faj szab\u00e1lyainak v\u00e9grehajt\u00e1sa \u00e9rdek\u00e9ben. Az els\u0151 a belf\u00f6ldi kik\u00fcldet\u00e9ssel \u00f6sszef\u00fcgg\u00e9sben adott k\u00f6lts\u00e9gt\u00e9r\u00edt\u00e9ssel kapcsolatos, a &hellip; <a href=\"https:\/\/www.taxworld.hu\/blog\/2016-evi-adocsomag-uj-szabalyai\/\">Read More<\/a><\/p>\n","protected":false},"author":2,"featured_media":29,"comment_status":"closed","ping_status":"closed","sticky":false,"template":"","format":"standard","meta":{"footnotes":""},"categories":[1],"tags":[],"_links":{"self":[{"href":"https:\/\/www.taxworld.hu\/blog\/wp-json\/wp\/v2\/posts\/14"}],"collection":[{"href":"https:\/\/www.taxworld.hu\/blog\/wp-json\/wp\/v2\/posts"}],"about":[{"href":"https:\/\/www.taxworld.hu\/blog\/wp-json\/wp\/v2\/types\/post"}],"author":[{"embeddable":true,"href":"https:\/\/www.taxworld.hu\/blog\/wp-json\/wp\/v2\/users\/2"}],"replies":[{"embeddable":true,"href":"https:\/\/www.taxworld.hu\/blog\/wp-json\/wp\/v2\/comments?post=14"}],"version-history":[{"count":1,"href":"https:\/\/www.taxworld.hu\/blog\/wp-json\/wp\/v2\/posts\/14\/revisions"}],"predecessor-version":[{"id":15,"href":"https:\/\/www.taxworld.hu\/blog\/wp-json\/wp\/v2\/posts\/14\/revisions\/15"}],"wp:featuredmedia":[{"embeddable":true,"href":"https:\/\/www.taxworld.hu\/blog\/wp-json\/wp\/v2\/media\/29"}],"wp:attachment":[{"href":"https:\/\/www.taxworld.hu\/blog\/wp-json\/wp\/v2\/media?parent=14"}],"wp:term":[{"taxonomy":"category","embeddable":true,"href":"https:\/\/www.taxworld.hu\/blog\/wp-json\/wp\/v2\/categories?post=14"},{"taxonomy":"post_tag","embeddable":true,"href":"https:\/\/www.taxworld.hu\/blog\/wp-json\/wp\/v2\/tags?post=14"}],"curies":[{"name":"wp","href":"https:\/\/api.w.org\/{rel}","templated":true}]}}