{"id":12,"date":"2016-01-20T08:09:58","date_gmt":"2016-01-20T07:09:58","guid":{"rendered":"http:\/\/taxworld.hu\/blog\/?p=12"},"modified":"2024-06-13T10:51:19","modified_gmt":"2024-06-13T08:51:19","slug":"januar-1-tol-modosulnak-a-folyamatos-teljesitesu-es-az-idoszaki-elszamolasu-ugyletekre-iranyado-szabalyok","status":"publish","type":"post","link":"https:\/\/www.taxworld.hu\/blog\/januar-1-tol-modosulnak-a-folyamatos-teljesitesu-es-az-idoszaki-elszamolasu-ugyletekre-iranyado-szabalyok\/","title":{"rendered":"Janu\u00e1r 1-t\u0151l m\u00f3dosulnak a folyamatos teljes\u00edt\u00e9s\u0171 \u00e9s az id\u0151szaki elsz\u00e1mol\u00e1s\u00fa \u00fcgyletekre ir\u00e1nyad\u00f3 szab\u00e1lyok"},"content":{"rendered":"<p>2016. janu\u00e1r 1-t\u0151l m\u00f3dosulnak a folyamatos teljes\u00edt\u00e9s\u0171 \u00e9s az id\u0151szaki elsz\u00e1mol\u00e1s\u00fa \u00fcgyletekre ir\u00e1nyad\u00f3 szab\u00e1lyok. \u00daj m\u00f3dszerrel kell meg\u00e1llap\u00edtani a teljes\u00edt\u00e9s id\u0151pontj\u00e1t azokban az esetekben, ha pl. a szolg\u00e1ltat\u00e1st havi alapon ny\u00fajtja a c\u00e9g (azaz pl. febru\u00e1r havi vagy els\u0151 negyed\u00e9vi \u0151rz\u00e9s-v\u00e9delmet, takar\u00edt\u00e1st, rekl\u00e1mszolg\u00e1ltat\u00e1st, stb. kell sz\u00e1ml\u00e1zni).<\/p>\n<p>Az \u00faj szab\u00e1lyokat el\u0151sz\u00f6r azokra az esetekre kell alkalmazni, ahol a fizet\u00e9s esed\u00e9kess\u00e9ge is \u00e9s a sz\u00e1mla vagy a nyugta kibocs\u00e1t\u00e1s\u00e1nak id\u0151pontja is 2015. december 31-\u00e9t k\u00f6vet\u0151 id\u0151pontra esik.<\/p>\n<p>A j\u00f6v\u0151 \u00e9v els\u0151 fel\u00e9ben a revizorok kiemelt figyelm\u00e9t fogja \u00e9lvezni ez a ter\u00fclet, mert az eddigi szab\u00e1lyokhoz k\u00e9pest m\u00e1s logika alapj\u00e1n kell meghat\u00e1rozni az ad\u00f3fizet\u00e9si, bevall\u00e1si id\u0151szakot.<\/p>\n<p>Ugyanis ha a sz\u00e1mlakibocs\u00e1t\u00f3 elrontja a bevall\u00e1si id\u0151szakot, az ad\u00f3hi\u00e1ny meg\u00e1llap\u00edt\u00e1s\u00e1hoz vezet n\u00e1la. Ha pedig a sz\u00e1mla befogad\u00f3ja figyelmetlen a teljes\u00edt\u00e9si id\u0151ponttal kapcsolatban, akkor adott esetben kor\u00e1bban gyakorolhatja az ad\u00f3levon\u00e1si jogot, mintsem az megny\u00edlt volna, amelynek k\u00f6vetkezm\u00e9nyeit neki kell viselnie.<\/p>\n<p>Az \u00faj m\u00f3dszer adminisztr\u00e1ci\u00f3s t\u00f6bbletterhet jelent, mert n\u00e9gy relev\u00e1ns id\u0151pont lek\u00e9pez\u00e9s\u00e9r\u0151l \u00e9s logikai egybevet\u00e9s\u00e9r\u0151l kell majd gondoskodni:<br \/>\n1. az elsz\u00e1mol\u00e1si id\u0151szak utols\u00f3 napja (ez a sz\u00e1mviteli teljes\u00edt\u00e9s id\u0151pontja is)<br \/>\n2. az id\u0151szak utols\u00f3 napj\u00e1t k\u00f6vet\u0151 60. nap (legk\u00e9s\u0151bb ekkor \u00e1ll be az \u00e1fa-fizet\u00e9si k\u00f6telezetts\u00e9g)<br \/>\n3. fizet\u00e9s esed\u00e9kess\u00e9ge (akkor l\u00e9nyeges, ha az elsz\u00e1mol\u00e1si id\u0151szak utols\u00f3 napja \u00e9s az azt k\u00f6vet\u0151 60. nap k\u00f6z\u00f6tt van, mert ez esetben akkor keletkezik az \u00e1fa fizet\u00e9si k\u00f6telezetts\u00e9g)<br \/>\n4. sz\u00e1mla kibocs\u00e1t\u00e1s id\u0151pontja (ez akkor l\u00e9nyeges, ha mind a sz\u00e1mla kibocs\u00e1t\u00e1sa, mind pedig az esed\u00e9kess\u00e9gi id\u0151pont megel\u0151zi az elsz\u00e1mol\u00e1si id\u0151szak utols\u00f3 napj\u00e1t)<\/p>\n<p>A r\u00e9szletekkel, pontos teend\u0151kkel kapcsolatban illetve k\u00e9rd\u00e9s eset\u00e9n keressen minket bizalommal.<\/p>\n","protected":false},"excerpt":{"rendered":"<p>2016. janu\u00e1r 1-t\u0151l m\u00f3dosulnak a folyamatos teljes\u00edt\u00e9s\u0171 \u00e9s az id\u0151szaki elsz\u00e1mol\u00e1s\u00fa \u00fcgyletekre ir\u00e1nyad\u00f3 szab\u00e1lyok. \u00daj m\u00f3dszerrel kell meg\u00e1llap\u00edtani a teljes\u00edt\u00e9s id\u0151pontj\u00e1t azokban az esetekben, ha pl. a szolg\u00e1ltat\u00e1st havi alapon ny\u00fajtja a c\u00e9g (azaz pl. febru\u00e1r havi vagy els\u0151 negyed\u00e9vi &hellip; <a href=\"https:\/\/www.taxworld.hu\/blog\/januar-1-tol-modosulnak-a-folyamatos-teljesitesu-es-az-idoszaki-elszamolasu-ugyletekre-iranyado-szabalyok\/\">Read More<\/a><\/p>\n","protected":false},"author":2,"featured_media":26,"comment_status":"closed","ping_status":"closed","sticky":false,"template":"","format":"standard","meta":{"footnotes":""},"categories":[1],"tags":[],"_links":{"self":[{"href":"https:\/\/www.taxworld.hu\/blog\/wp-json\/wp\/v2\/posts\/12"}],"collection":[{"href":"https:\/\/www.taxworld.hu\/blog\/wp-json\/wp\/v2\/posts"}],"about":[{"href":"https:\/\/www.taxworld.hu\/blog\/wp-json\/wp\/v2\/types\/post"}],"author":[{"embeddable":true,"href":"https:\/\/www.taxworld.hu\/blog\/wp-json\/wp\/v2\/users\/2"}],"replies":[{"embeddable":true,"href":"https:\/\/www.taxworld.hu\/blog\/wp-json\/wp\/v2\/comments?post=12"}],"version-history":[{"count":1,"href":"https:\/\/www.taxworld.hu\/blog\/wp-json\/wp\/v2\/posts\/12\/revisions"}],"predecessor-version":[{"id":13,"href":"https:\/\/www.taxworld.hu\/blog\/wp-json\/wp\/v2\/posts\/12\/revisions\/13"}],"wp:featuredmedia":[{"embeddable":true,"href":"https:\/\/www.taxworld.hu\/blog\/wp-json\/wp\/v2\/media\/26"}],"wp:attachment":[{"href":"https:\/\/www.taxworld.hu\/blog\/wp-json\/wp\/v2\/media?parent=12"}],"wp:term":[{"taxonomy":"category","embeddable":true,"href":"https:\/\/www.taxworld.hu\/blog\/wp-json\/wp\/v2\/categories?post=12"},{"taxonomy":"post_tag","embeddable":true,"href":"https:\/\/www.taxworld.hu\/blog\/wp-json\/wp\/v2\/tags?post=12"}],"curies":[{"name":"wp","href":"https:\/\/api.w.org\/{rel}","templated":true}]}}